{"id":108,"date":"2018-07-26T19:21:12","date_gmt":"2018-07-26T19:21:12","guid":{"rendered":"http:\/\/nfpet.com.br\/blog\/?p=108"},"modified":"2018-08-17T14:39:58","modified_gmt":"2018-08-17T14:39:58","slug":"feira-de-adocao-aproveite-o-seu-espaco","status":"publish","type":"post","link":"https:\/\/nfpet.com.br\/blog\/2018\/07\/feira-de-adocao-aproveite-o-seu-espaco\/","title":{"rendered":"Feira de Ado\u00e7\u00e3o: Aproveite melhor o seu espa\u00e7o"},"content":{"rendered":"<h1 class=\"p1\"><span class=\"s1\"><b>Garantir a estrutura da sua feira de ado\u00e7\u00e3o \u00e9 essencial para atingir os seus objetivos.<\/b><\/span><\/h1>\n<p class=\"p2\"><span class=\"s1\">Voc\u00ea j\u00e1 conferiu as nossas <span class=\"s2\">principais dicas na hora de organizar uma <\/span><span class=\"s2\">feira<\/span><span class=\"s2\"> de ado\u00e7\u00e3o<\/span>, agora iremos mais a fundo.<span class=\"Apple-converted-space\">\u00a0 <\/span>Como organizar o seu espa\u00e7o para aproveit\u00e1-lo da melhor forma, deixar os pets confort\u00e1veis e garantir o sucesso do seu evento.<\/span><!--more--><\/p>\n<ul class=\"ul1\">\n<li class=\"li3\">\n<h2><span class=\"s1\"><b>Escolha do local para o evento<\/b><\/span><\/h2>\n<\/li>\n<\/ul>\n<p class=\"p4\"><span class=\"s1\">Lembra quando falamos sobre as parcerias? Aqui elas podem ser muito importantes. Com o contato de abrigos, voc\u00ea pode oferecer a eles a visibilidade para os animais. Procure por feiras locais, eventos comunit\u00e1rios e mesmo pequenas apresenta\u00e7\u00f5es em shopping centers. Apresentar animais para ado\u00e7\u00e3o \u00e9 sinal de boa vontade e atrai mais clientes. Por isso, v\u00e1rios espa\u00e7os ficar\u00e3o felizes em realizar um evento do tipo.<\/span><\/p>\n<ul class=\"ul1\">\n<li class=\"li5\">\n<h2><span class=\"s1\"><b>Crie um ambiente agrad\u00e1vel para os animais<\/b><\/span><\/h2>\n<\/li>\n<\/ul>\n<p class=\"p4\"><span class=\"s1\">Confira se h\u00e1 abrigo e sombra para a montagem do evento. Todos os pets precisar\u00e3o ter um local confort\u00e1vel para passar o dia. Isso reduz o estresse para eles e garante o conforto de todos os participantes.<\/span><\/p>\n<p class=\"p4\"><span class=\"s1\">Os animais tamb\u00e9m precisam do m\u00e1ximo de espa\u00e7o poss\u00edvel. Os gatos podem ficar bem em grandes engradados de metal, com espa\u00e7o bastante para ra\u00e7\u00e3o, \u00e1gua e uma pequena caixa de areia. Pequenos c\u00e3es e filhotes podem ser postos em uma baia. C\u00e3es maiores e amistosos podem ser mantidos na coleira para receber os convidados. Uma boa op\u00e7\u00e3o para limitar o espa\u00e7o dos pets \u00e9 com um <span class=\"s2\">cercado<\/span>. <\/span><\/p>\n<p class=\"p4\"><span class=\"s1\">Lembre-se que, mesmo o animal seja soci\u00e1vel, ele pode se estressar ou ficar super estimulado pelo contato com muita gente, ent\u00e3o garanta que eles n\u00e3o ser\u00e3o tocados em excesso, e que ter\u00e3o um tempo para descanso.<\/span><\/p>\n<ul class=\"ul1\">\n<li class=\"li5\">\n<h2><span class=\"s1\"><b>Informa\u00e7\u00f5es a vista <\/b><\/span><\/h2>\n<\/li>\n<\/ul>\n<p class=\"p4\"><span class=\"s1\">\u00c9 importante que os visitantes da feira tenham o m\u00e1ximo de informa\u00e7\u00f5es sobre cada animal nos cercados ou gaiolas. Al\u00e9m disso, a equipe da sua feira de ado\u00e7\u00e3o deve estar bem informada para responder qualquer pergunta sobre os pets. <\/span><\/p>\n<p class=\"p4\"><span class=\"s1\">Entre esses dados, destaque que cada animal foi vacinado, vermifugado e castrado, e qualquer outro cuidado que tenham recebido. Garanta que as pessoas compreendam que a taxa de ado\u00e7\u00e3o cobre o custo de todos os tratamentos e procedimentos realizados no animal at\u00e9 agora. Ou seja, a ado\u00e7\u00e3o \u00e9 uma decis\u00e3o muito mais barata do que se o visitante tivesse que arcar com todos os custos.<\/span><\/p>\n<ul class=\"ul1\">\n<li class=\"li5\">\n<h2><span class=\"s1\"><b>Material promocional em locais estrat\u00e9gicos<\/b><\/span><\/h2>\n<\/li>\n<\/ul>\n<p class=\"p4\"><span class=\"s1\">Distribua qualquer material promocional e de divulga\u00e7\u00e3o que voc\u00ea tenha, mesmo que sejam apenas simples cart\u00f5es. Alguns dos visitantes estar\u00e3o indecisos quanto a adotar um animal de estima\u00e7\u00e3o, e v\u00e3o ao evento para dar uma olhada. Garanta que eles possam entrar em contato mais tarde. Deixe o material promocional em locais estrat\u00e9gicos, como no local de acesso\/sa\u00edda da feira de ado\u00e7\u00e3o e pr\u00f3ximos aos cercados dos pets.<\/span><\/p>\n<ul class=\"ul1\">\n<li class=\"li5\">\n<h2><span class=\"s1\"><b>Considere a papelada para a ado\u00e7\u00e3o<\/b><\/span><\/h2>\n<\/li>\n<\/ul>\n<p class=\"p4\"><span class=\"s1\">Todos os documentos devem estar em m\u00e3os para facilitar o processo. Voc\u00ea precisar\u00e1 de um contrato de ado\u00e7\u00e3o, e se o animal for jovem demais para ser castrado, um contrato relativo a isso. Confira a informa\u00e7\u00e3o recebida pedindo a apresenta\u00e7\u00e3o do documento de identidade, carteira de motorista ou outro documento que comprove a identidade da pessoa, e pe\u00e7a tamb\u00e9m n\u00fameros de telefone. <\/span><\/p>\n<p class=\"p4\"><span class=\"s1\">Se voc\u00ea cuidar de todos esses detalhes a sua feira de ado\u00e7\u00e3o ter\u00e1 um desempenho consider\u00e1vel. Isso representa n\u00e3o s\u00f3 uma boa not\u00edcia para o mercado de pets, mas tamb\u00e9m novos lares para animais que precisam de amor e cuidado.<\/span><\/p>\n","protected":false},"excerpt":{"rendered":"<p>Garantir a estrutura da sua feira de ado\u00e7\u00e3o \u00e9 essencial para atingir os seus objetivos. Voc\u00ea j\u00e1 conferiu as nossas principais dicas na hora de organizar uma feira de ado\u00e7\u00e3o, agora iremos mais a fundo.\u00a0 Como organizar o seu espa\u00e7o para aproveit\u00e1-lo da melhor forma, deixar os pets confort\u00e1veis e garantir o sucesso do seu [&hellip;]<\/p>\n","protected":false},"author":1,"featured_media":110,"comment_status":"open","ping_status":"open","sticky":false,"template":"","format":"standard","meta":{"_exactmetrics_skip_tracking":false,"_exactmetrics_sitenote_active":false,"_exactmetrics_sitenote_note":"","_exactmetrics_sitenote_category":0,"footnotes":""},"categories":[10],"tags":[16,17],"class_list":["post-108","post","type-post","status-publish","format-standard","has-post-thumbnail","hentry","category-adocao","tag-feira-de-adocao","tag-petshop"],"yoast_head":"<!-- This site is optimized with the Yoast SEO plugin v21.7 - https:\/\/yoast.com\/wordpress\/plugins\/seo\/ -->\n<title>Feira de Ado\u00e7\u00e3o: Aproveite melhor o seu espa\u00e7o - NF Pet Blog<\/title>\n<meta name=\"description\" content=\"Garantir a estrutura da sua feira de ado\u00e7\u00e3o \u00e9 essencial para atingir os seus objetivos. Voc\u00ea j\u00e1 conferiu as nossas principais dicas na hora de organizar uma feira de ado\u00e7\u00e3o, agora iremos mais a fundo.\u00a0Confira mais nessa mat\u00e9ria:\" \/>\n<meta name=\"robots\" content=\"index, follow, max-snippet:-1, max-image-preview:large, max-video-preview:-1\" \/>\n<link rel=\"canonical\" href=\"https:\/\/nfpet.com.br\/blog\/2018\/07\/feira-de-adocao-aproveite-o-seu-espaco\/\" \/>\n<meta property=\"og:locale\" content=\"pt_BR\" \/>\n<meta property=\"og:type\" content=\"article\" \/>\n<meta property=\"og:title\" content=\"Feira de Ado\u00e7\u00e3o: Aproveite melhor o seu espa\u00e7o - NF Pet Blog\" \/>\n<meta property=\"og:description\" content=\"Garantir a estrutura da sua feira de ado\u00e7\u00e3o \u00e9 essencial para atingir os seus objetivos. Voc\u00ea j\u00e1 conferiu as nossas principais dicas na hora de organizar uma feira de ado\u00e7\u00e3o, agora iremos mais a fundo.\u00a0Confira mais nessa mat\u00e9ria:\" \/>\n<meta property=\"og:url\" content=\"https:\/\/nfpet.com.br\/blog\/2018\/07\/feira-de-adocao-aproveite-o-seu-espaco\/\" \/>\n<meta property=\"og:site_name\" content=\"NF Pet Blog - Dicas para seu Pet\" \/>\n<meta property=\"article:publisher\" content=\"https:\/\/www.facebook.com\/NF.Pet\/\" \/>\n<meta property=\"article:published_time\" content=\"2018-07-26T19:21:12+00:00\" \/>\n<meta property=\"article:modified_time\" content=\"2018-08-17T14:39:58+00:00\" \/>\n<meta property=\"og:image\" content=\"https:\/\/nfpet.com.br\/blog\/wp-content\/uploads\/2018\/07\/27-07.png\" \/>\n\t<meta property=\"og:image:width\" content=\"1024\" \/>\n\t<meta property=\"og:image:height\" content=\"512\" \/>\n\t<meta property=\"og:image:type\" content=\"image\/png\" \/>\n<meta name=\"author\" content=\"dBriefing\" \/>\n<meta name=\"twitter:card\" content=\"summary_large_image\" \/>\n<meta name=\"twitter:label1\" content=\"Escrito por\" \/>\n\t<meta name=\"twitter:data1\" content=\"dBriefing\" \/>\n\t<meta name=\"twitter:label2\" content=\"Est. tempo de leitura\" \/>\n\t<meta name=\"twitter:data2\" content=\"3 minutos\" \/>\n<script type=\"application\/ld+json\" class=\"yoast-schema-graph\">{\"@context\":\"https:\/\/schema.org\",\"@graph\":[{\"@type\":\"WebPage\",\"@id\":\"https:\/\/nfpet.com.br\/blog\/2018\/07\/feira-de-adocao-aproveite-o-seu-espaco\/\",\"url\":\"https:\/\/nfpet.com.br\/blog\/2018\/07\/feira-de-adocao-aproveite-o-seu-espaco\/\",\"name\":\"Feira de Ado\u00e7\u00e3o: Aproveite melhor o seu espa\u00e7o - NF Pet Blog\",\"isPartOf\":{\"@id\":\"https:\/\/nfpet.com.br\/blog\/#website\"},\"datePublished\":\"2018-07-26T19:21:12+00:00\",\"dateModified\":\"2018-08-17T14:39:58+00:00\",\"author\":{\"@id\":\"https:\/\/nfpet.com.br\/blog\/#\/schema\/person\/a8996985b07afe0d911f0d1c3873fc53\"},\"description\":\"Garantir a estrutura da sua feira de ado\u00e7\u00e3o \u00e9 essencial para atingir os seus objetivos. Voc\u00ea j\u00e1 conferiu as nossas principais dicas na hora de organizar uma feira de ado\u00e7\u00e3o, agora iremos mais a fundo.\u00a0Confira mais nessa mat\u00e9ria:\",\"breadcrumb\":{\"@id\":\"https:\/\/nfpet.com.br\/blog\/2018\/07\/feira-de-adocao-aproveite-o-seu-espaco\/#breadcrumb\"},\"inLanguage\":\"pt-BR\",\"potentialAction\":[{\"@type\":\"ReadAction\",\"target\":[\"https:\/\/nfpet.com.br\/blog\/2018\/07\/feira-de-adocao-aproveite-o-seu-espaco\/\"]}]},{\"@type\":\"BreadcrumbList\",\"@id\":\"https:\/\/nfpet.com.br\/blog\/2018\/07\/feira-de-adocao-aproveite-o-seu-espaco\/#breadcrumb\",\"itemListElement\":[{\"@type\":\"ListItem\",\"position\":1,\"name\":\"In\u00edcio\",\"item\":\"https:\/\/nfpet.com.br\/blog\/\"},{\"@type\":\"ListItem\",\"position\":2,\"name\":\"Feira de Ado\u00e7\u00e3o: Aproveite melhor o seu espa\u00e7o\"}]},{\"@type\":\"WebSite\",\"@id\":\"https:\/\/nfpet.com.br\/blog\/#website\",\"url\":\"https:\/\/nfpet.com.br\/blog\/\",\"name\":\"NF Pet Blog - Dicas para seu Pet\",\"description\":\"\",\"potentialAction\":[{\"@type\":\"SearchAction\",\"target\":{\"@type\":\"EntryPoint\",\"urlTemplate\":\"https:\/\/nfpet.com.br\/blog\/?s={search_term_string}\"},\"query-input\":\"required name=search_term_string\"}],\"inLanguage\":\"pt-BR\"},{\"@type\":\"Person\",\"@id\":\"https:\/\/nfpet.com.br\/blog\/#\/schema\/person\/a8996985b07afe0d911f0d1c3873fc53\",\"name\":\"dBriefing\",\"image\":{\"@type\":\"ImageObject\",\"inLanguage\":\"pt-BR\",\"@id\":\"https:\/\/nfpet.com.br\/blog\/#\/schema\/person\/image\/\",\"url\":\"https:\/\/secure.gravatar.com\/avatar\/2a5ab9ddec46cad63aeb0075ab70d944?s=96&d=mm&r=g\",\"contentUrl\":\"https:\/\/secure.gravatar.com\/avatar\/2a5ab9ddec46cad63aeb0075ab70d944?s=96&d=mm&r=g\",\"caption\":\"dBriefing\"}}]}<\/script>\n<!-- \/ Yoast SEO plugin. -->","yoast_head_json":{"title":"Feira de Ado\u00e7\u00e3o: Aproveite melhor o seu espa\u00e7o - NF Pet Blog","description":"Garantir a estrutura da sua feira de ado\u00e7\u00e3o \u00e9 essencial para atingir os seus objetivos. Voc\u00ea j\u00e1 conferiu as nossas principais dicas na hora de organizar uma feira de ado\u00e7\u00e3o, agora iremos mais a fundo.\u00a0Confira mais nessa mat\u00e9ria:","robots":{"index":"index","follow":"follow","max-snippet":"max-snippet:-1","max-image-preview":"max-image-preview:large","max-video-preview":"max-video-preview:-1"},"canonical":"https:\/\/nfpet.com.br\/blog\/2018\/07\/feira-de-adocao-aproveite-o-seu-espaco\/","og_locale":"pt_BR","og_type":"article","og_title":"Feira de Ado\u00e7\u00e3o: Aproveite melhor o seu espa\u00e7o - NF Pet Blog","og_description":"Garantir a estrutura da sua feira de ado\u00e7\u00e3o \u00e9 essencial para atingir os seus objetivos. Voc\u00ea j\u00e1 conferiu as nossas principais dicas na hora de organizar uma feira de ado\u00e7\u00e3o, agora iremos mais a fundo.\u00a0Confira mais nessa mat\u00e9ria:","og_url":"https:\/\/nfpet.com.br\/blog\/2018\/07\/feira-de-adocao-aproveite-o-seu-espaco\/","og_site_name":"NF Pet Blog - Dicas para seu Pet","article_publisher":"https:\/\/www.facebook.com\/NF.Pet\/","article_published_time":"2018-07-26T19:21:12+00:00","article_modified_time":"2018-08-17T14:39:58+00:00","og_image":[{"width":1024,"height":512,"url":"https:\/\/nfpet.com.br\/blog\/wp-content\/uploads\/2018\/07\/27-07.png","type":"image\/png"}],"author":"dBriefing","twitter_card":"summary_large_image","twitter_misc":{"Escrito por":"dBriefing","Est. tempo de leitura":"3 minutos"},"schema":{"@context":"https:\/\/schema.org","@graph":[{"@type":"WebPage","@id":"https:\/\/nfpet.com.br\/blog\/2018\/07\/feira-de-adocao-aproveite-o-seu-espaco\/","url":"https:\/\/nfpet.com.br\/blog\/2018\/07\/feira-de-adocao-aproveite-o-seu-espaco\/","name":"Feira de Ado\u00e7\u00e3o: Aproveite melhor o seu espa\u00e7o - NF Pet Blog","isPartOf":{"@id":"https:\/\/nfpet.com.br\/blog\/#website"},"datePublished":"2018-07-26T19:21:12+00:00","dateModified":"2018-08-17T14:39:58+00:00","author":{"@id":"https:\/\/nfpet.com.br\/blog\/#\/schema\/person\/a8996985b07afe0d911f0d1c3873fc53"},"description":"Garantir a estrutura da sua feira de ado\u00e7\u00e3o \u00e9 essencial para atingir os seus objetivos. Voc\u00ea j\u00e1 conferiu as nossas principais dicas na hora de organizar uma feira de ado\u00e7\u00e3o, agora iremos mais a fundo.\u00a0Confira mais nessa mat\u00e9ria:","breadcrumb":{"@id":"https:\/\/nfpet.com.br\/blog\/2018\/07\/feira-de-adocao-aproveite-o-seu-espaco\/#breadcrumb"},"inLanguage":"pt-BR","potentialAction":[{"@type":"ReadAction","target":["https:\/\/nfpet.com.br\/blog\/2018\/07\/feira-de-adocao-aproveite-o-seu-espaco\/"]}]},{"@type":"BreadcrumbList","@id":"https:\/\/nfpet.com.br\/blog\/2018\/07\/feira-de-adocao-aproveite-o-seu-espaco\/#breadcrumb","itemListElement":[{"@type":"ListItem","position":1,"name":"In\u00edcio","item":"https:\/\/nfpet.com.br\/blog\/"},{"@type":"ListItem","position":2,"name":"Feira de Ado\u00e7\u00e3o: Aproveite melhor o seu espa\u00e7o"}]},{"@type":"WebSite","@id":"https:\/\/nfpet.com.br\/blog\/#website","url":"https:\/\/nfpet.com.br\/blog\/","name":"NF Pet Blog - Dicas para seu Pet","description":"","potentialAction":[{"@type":"SearchAction","target":{"@type":"EntryPoint","urlTemplate":"https:\/\/nfpet.com.br\/blog\/?s={search_term_string}"},"query-input":"required name=search_term_string"}],"inLanguage":"pt-BR"},{"@type":"Person","@id":"https:\/\/nfpet.com.br\/blog\/#\/schema\/person\/a8996985b07afe0d911f0d1c3873fc53","name":"dBriefing","image":{"@type":"ImageObject","inLanguage":"pt-BR","@id":"https:\/\/nfpet.com.br\/blog\/#\/schema\/person\/image\/","url":"https:\/\/secure.gravatar.com\/avatar\/2a5ab9ddec46cad63aeb0075ab70d944?s=96&d=mm&r=g","contentUrl":"https:\/\/secure.gravatar.com\/avatar\/2a5ab9ddec46cad63aeb0075ab70d944?s=96&d=mm&r=g","caption":"dBriefing"}}]}},"_links":{"self":[{"href":"https:\/\/nfpet.com.br\/blog\/wp-json\/wp\/v2\/posts\/108","targetHints":{"allow":["GET"]}}],"collection":[{"href":"https:\/\/nfpet.com.br\/blog\/wp-json\/wp\/v2\/posts"}],"about":[{"href":"https:\/\/nfpet.com.br\/blog\/wp-json\/wp\/v2\/types\/post"}],"author":[{"embeddable":true,"href":"https:\/\/nfpet.com.br\/blog\/wp-json\/wp\/v2\/users\/1"}],"replies":[{"embeddable":true,"href":"https:\/\/nfpet.com.br\/blog\/wp-json\/wp\/v2\/comments?post=108"}],"version-history":[{"count":4,"href":"https:\/\/nfpet.com.br\/blog\/wp-json\/wp\/v2\/posts\/108\/revisions"}],"predecessor-version":[{"id":134,"href":"https:\/\/nfpet.com.br\/blog\/wp-json\/wp\/v2\/posts\/108\/revisions\/134"}],"wp:featuredmedia":[{"embeddable":true,"href":"https:\/\/nfpet.com.br\/blog\/wp-json\/wp\/v2\/media\/110"}],"wp:attachment":[{"href":"https:\/\/nfpet.com.br\/blog\/wp-json\/wp\/v2\/media?parent=108"}],"wp:term":[{"taxonomy":"category","embeddable":true,"href":"https:\/\/nfpet.com.br\/blog\/wp-json\/wp\/v2\/categories?post=108"},{"taxonomy":"post_tag","embeddable":true,"href":"https:\/\/nfpet.com.br\/blog\/wp-json\/wp\/v2\/tags?post=108"}],"curies":[{"name":"wp","href":"https:\/\/api.w.org\/{rel}","templated":true}]}}